{"id":1915,"date":"2025-08-24T14:19:39","date_gmt":"2025-08-24T14:19:39","guid":{"rendered":"https:\/\/vital-impulse.de\/?p=1915"},"modified":"2025-09-25T15:57:53","modified_gmt":"2025-09-25T15:57:53","slug":"prodentim-erfahrungen","status":"publish","type":"post","link":"https:\/\/vital-impulse.de\/?p=1915","title":{"rendered":"ProDentim Erfahrungen: Zahngesundheit mit Probiotika"},"content":{"rendered":"<style>\n  .vi-btn{display:inline-block;padding:14px 24px;border-radius:30px;font-weight:700;line-height:1;text-decoration:none;color:#fff;transition:transform .08s,box-shadow .2s,filter .2s;text-shadow:0 1px 2px rgba(0,0,0,.35);box-shadow:0 6px 18px rgba(0,0,0,.18);will-change:transform,filter}<br \/>\n  .vi-btn:focus-visible{outline:3px solid #fff;outline-offset:2px;box-shadow:0 0 0 4px rgba(59,130,246,.6)}<br \/>\n  .vi-btn:hover{transform:translateY(-1px);filter:brightness(1.03)}<br \/>\n  .vi-btn:active{transform:translateY(0)}<br \/>\n  .vi-btn--green{background:linear-gradient(135deg, rgb(40,167,69) 0%, rgb(20,39,109) 100%)}<br \/>\n  .vi-btn--blue{background:linear-gradient(135deg, rgb(73,94,230) 0%, rgb(25,33,109) 100%)}<br \/>\n  .vi-btn--sm{padding:12px 20px;border-radius:26px}<br \/>\n<\/style>\n\n\n<p><strong>ProDentim Erfahrungen<\/strong> \u2013 in diesem Artikel pr\u00fcfen wir neutral, was hinter den Versprechen steckt: Anwendung, Inhaltsstoffe, m\u00f6gliche Vorteile und Grenzen. Wir zeigen, f\u00fcr wen ProDentim sinnvoll sein <strong>k\u00f6nnte<\/strong>, worauf man bei der Einnahme achten sollte und verlinken transparente Angebote.<\/p>\n\n\n\n<figure class=\"wp-block-image size-large\"><img loading=\"lazy\" decoding=\"async\" width=\"1024\" height=\"682\" src=\"https:\/\/vital-impulse.de\/wp-content\/uploads\/2025\/08\/Zahnmodell_Gloves_1200px-1024x682.jpg\" alt=\"Zahnmodell in behandschuhten H\u00e4nden \u2013 Demonstration beim Zahnarzt\" class=\"wp-image-1916\" title=\"Balance der Mundflora verstehen: Zahnpflege &amp; Mikrobiom\" srcset=\"https:\/\/vital-impulse.de\/wp-content\/uploads\/2025\/08\/Zahnmodell_Gloves_1200px-1024x682.jpg 1024w, https:\/\/vital-impulse.de\/wp-content\/uploads\/2025\/08\/Zahnmodell_Gloves_1200px-600x400.jpg 600w, https:\/\/vital-impulse.de\/wp-content\/uploads\/2025\/08\/Zahnmodell_Gloves_1200px-300x200.jpg 300w, https:\/\/vital-impulse.de\/wp-content\/uploads\/2025\/08\/Zahnmodell_Gloves_1200px-768x511.jpg 768w, https:\/\/vital-impulse.de\/wp-content\/uploads\/2025\/08\/Zahnmodell_Gloves_1200px.jpg 1200w\" sizes=\"auto, (max-width: 1024px) 100vw, 1024px\" \/><\/figure>\n\n\n\n<p>Kurz: Warum Thema relevant ist (Mundflora, Atem, Zahnfleisch). Transparenzhinweis: Affiliate-Links gekennzeichnet.<\/p>\n\n\n\n<h2 class=\"wp-block-heading\">Was ist ProDentim?<\/h2>\n\n\n\n<ul class=\"wp-block-list\">\n<li>Kurzer \u00dcberblick (Tablette\/Soft Tablet, Fokus orale Probiotika)<\/li>\n\n\n\n<li>F\u00fcr wen gedacht? (Erwachsene, die Atem\/Zahnfleisch\/Zahn-Routine unterst\u00fctzen m\u00f6chten)<\/li>\n\n\n\n<li>Hinweis: Kein Medizinprodukt, ersetzt nicht Zahnarztbesuch.<\/li>\n<\/ul>\n\n\n\n<p style=\"margin:16px 0 24px\">\n  <a href=\"https:\/\/prodentim24.com\/text.php#aff=SleekAlert818\" target=\"_blank\" rel=\"nofollow sponsored noopener\" aria-label=\"ProDentim \u2013 aktuelle Preise und Angebot (\u00f6ffnet in neuem Tab)\" style=\"display:inline-flex;align-items:center;gap:8px;padding:14px 24px;border-radius:30px;font-weight:700;line-height:1;\n            text-decoration:none !important;background-image:linear-gradient(135deg, rgb(73,94,230) 0%, rgb(25,33,109) 100%) !important;\n            background-color:#4f5be6 !important;color:#ffffff !important;border:0 !important;\n            box-shadow:0 6px 18px rgba(0,0,0,.18);text-shadow:0 1px 2px rgba(0,0,0,.35);\">\n    <span aria-hidden=\"true\">\ud83d\udc49<\/span><span>ProDentim \u2013 aktuelle Preise &amp; Angebot<\/span>\n  <\/a>\n<\/p>\n\n\n\n<h2 class=\"wp-block-heading\">Wie funktionieren orale Probiotika?<\/h2>\n\n\n\n<figure class=\"wp-block-embed is-type-video is-provider-youtube wp-block-embed-youtube wp-embed-aspect-16-9 wp-has-aspect-ratio\"><div class=\"wp-block-embed__wrapper\">\n<iframe loading=\"lazy\" title=\"So h\u00e4ltst du deine Mundflora gesund!\" width=\"500\" height=\"281\" src=\"https:\/\/www.youtube.com\/embed\/kzE0HMxvW7M?feature=oembed\" frameborder=\"0\" allow=\"accelerometer; autoplay; clipboard-write; encrypted-media; gyroscope; picture-in-picture; web-share\" referrerpolicy=\"strict-origin-when-cross-origin\" allowfullscreen><\/iframe>\n<\/div><\/figure>\n\n\n\n<ul class=\"wp-block-list\">\n<li>Unterschied zu Darm-Probiotika; Mundmikrobiom in Balance<\/li>\n\n\n\n<li>Potenzielle Effekte: Atem, Plaque, Zahnfleisch \u2013 evidenz-basiert &amp; n\u00fcchtern erkl\u00e4ren (keine Heilsversprechen).<\/li>\n\n\n\n<li><em>(F\u00fcr neutrale Einordnung kannst du dich im Text auf \u201eerste Studien\/Erfahrungen\u201c beziehen und betonen, dass regelm\u00e4\u00dfige<\/em> Zahnpflege + Fluoridzahnpasta Standard bleibt.) <a href=\"https:\/\/www.verywellhealth.com\/probiotic-toothpaste-11730168?utm_source=chatgpt.com\" target=\"_blank\" rel=\"noreferrer noopener\">Verywell Health<\/a><\/li>\n<\/ul>\n\n\n\n<h2 class=\"wp-block-heading\">Inhaltsstoffe &amp; m\u00f6gliche Vorteile von ProDentim<\/h2>\n\n\n\n<ul class=\"wp-block-list\">\n<li>Auflisten (kurz) + wozu sie typischerweise eingesetzt werden<\/li>\n\n\n\n<li>Vertr\u00e4glichkeit, wer vorher R\u00fccksprache halten sollte (z. B. Schwangere, Immunsupprimierte \u2013 allgemeiner Vorsichtshinweis). <a href=\"https:\/\/www.verywellhealth.com\/probiotic-toothpaste-11730168?utm_source=chatgpt.com\" target=\"_blank\" rel=\"noreferrer noopener\">Verywell Health<\/a><\/li>\n<\/ul>\n\n\n\n<h2 class=\"wp-block-heading\">ProDentim im Alltag: Anwendung &amp; Routine<\/h2>\n\n\n\n<ul class=\"wp-block-list\">\n<li>Einnahme-Hinweis laut Hersteller (kurz zusammenfassen)<\/li>\n\n\n\n<li>Kombi mit Basics: 2\u00d7 t\u00e4glich putzen, Zahnseide, Fluoridzahnpasta, Kontrollen. <a href=\"https:\/\/www.verywellhealth.com\/probiotic-toothpaste-11730168?utm_source=chatgpt.com\" target=\"_blank\" rel=\"noreferrer noopener\">Verywell Health<\/a><\/li>\n<\/ul>\n\n\n\n<p>Viele Leser fragen nach <strong>ProDentim Erfahrungen<\/strong> zur Anwendung im Alltag \u2026<\/p>\n\n\n\n<p style=\"margin:24px 0\">\n  <a href=\"https:\/\/prodentim24.com\/text.php#aff=SleekAlert818\" target=\"_blank\" rel=\"nofollow sponsored noopener\" aria-label=\"Jetzt ProDentim ansehen (\u00f6ffnet in neuem Tab)\" style=\"display:inline-flex;align-items:center;gap:8px;padding:14px 24px;border-radius:30px;font-weight:700;line-height:1;\n            text-decoration:none !important;background-image:linear-gradient(135deg, rgb(73,94,230) 0%, rgb(25,33,109) 100%) !important;\n            background-color:#4f5be6 !important;color:#ffffff !important;border:0 !important;\n            box-shadow:0 6px 18px rgba(0,0,0,.18);text-shadow:0 1px 2px rgba(0,0,0,.35);\">\n    <span aria-hidden=\"true\">\ud83d\udc49<\/span><span>Jetzt ProDentim ansehen<\/span>\n  <\/a>\n<\/p>\n\n\n\n<h2 class=\"wp-block-heading\">ProDentim Erfahrungen &amp; Test-Eindruck<\/h2>\n\n\n\n<p>Unsere <strong>ProDentim Erfahrungen<\/strong> basieren auf \u00f6ffentlich verf\u00fcgbaren Infos, Kundenr\u00fcckmeldungen und unserer redaktionellen Einsch\u00e4tzung. Positiv: die Kombination ausgew\u00e4hlter Bakterienst\u00e4mme zur Unterst\u00fctzung der Mundflora. Wichtig: Nahrungserg\u00e4nzungen sind kein Ersatz f\u00fcr Zahnpflege und den Zahnarztbesuch. Wer ProDentim testet, sollte Dosierung und Vertr\u00e4glichkeit beobachten und bei Unsicherheiten \u00e4rztlichen Rat suchen.<\/p>\n\n\n\n<h2 class=\"wp-block-heading\">Erfahrungen &amp; Test-Eindruck (redaktionell)<\/h2>\n\n\n\n<ul class=\"wp-block-list\">\n<li>Eigene Kriterien: Geschmack, Anwendung, Vertr\u00e4glichkeit, subjektiver Atem-Eindruck, Verpackung\/Versand<\/li>\n\n\n\n<li>Pro &amp; Contra-Liste<\/li>\n<\/ul>\n\n\n\n<h2 class=\"wp-block-heading\">H\u00e4ufige Fragen (FAQ)<\/h2>\n\n\n\n<ul class=\"wp-block-list\">\n<li><strong>Wirkt das sofort?<\/strong> (realistische Erwartung)<\/li>\n\n\n\n<li><strong>Gibt es Nebenwirkungen?<\/strong> (selten, individuell; bei Unsicherheit Arzt\/Zahnarzt fragen)<\/li>\n\n\n\n<li><strong>Ersetzt es Zahnpasta\/Mundsp\u00fclung?<\/strong> (Nein) <a href=\"https:\/\/www.verywellhealth.com\/probiotic-toothpaste-11730168?utm_source=chatgpt.com\" target=\"_blank\" rel=\"noreferrer noopener\">Verywell Health<\/a><\/li>\n\n\n\n<li><strong>Hilft es bei schlechtem Atem?<\/strong> (Kann unterst\u00fctzen; Ursachen checken lassen) <a href=\"https:\/\/www.verywellhealth.com\/can-probiotics-cure-bad-breath-7489410?utm_source=chatgpt.com\" target=\"_blank\" rel=\"noreferrer noopener\">Verywell Health<\/a><\/li>\n<\/ul>\n\n\n\n<h2 class=\"wp-block-heading\">FAQ by Rank Math<\/h2>\n\n\n\n<p><strong>Frage 1:<\/strong> Wirkt ProDentim sofort?<br><strong>Antwort:<\/strong> Nein. Orale Probiotika <strong>k\u00f6nnen<\/strong> die Mundflora unterst\u00fctzen, brauchen daf\u00fcr aber Zeit und eine <strong>regelm\u00e4\u00dfige Anwendung<\/strong>. Beobachte Effekte \u00fcber mehrere Wochen in Kombination mit guter Mundhygiene.<\/p>\n\n\n\n<p><strong>Frage 2:<\/strong> Gibt es Neben- oder Wechselwirkungen?<br><strong>Antwort:<\/strong> Probiotika gelten in der Regel als <strong>gut vertr\u00e4glich<\/strong>. Individuelle Unvertr\u00e4glichkeiten sind m\u00f6glich. Bei Vorerkrankungen, in <strong>Schwangerschaft\/Stillzeit<\/strong> oder bei <strong>Medikamenteneinnahme<\/strong> vorab zahn\u00e4rztlich\/\u00e4rztlich abkl\u00e4ren.<\/p>\n\n\n\n<p><strong>Frage 3:<\/strong> Ersetzt ProDentim Zahnpasta oder Mundsp\u00fclung?<br><strong>Antwort:<\/strong> <strong>Nein.<\/strong> Es ist eine <strong>Erg\u00e4nzung<\/strong>. Basis bleiben 2\u00d7 t\u00e4glich Z\u00e4hneputzen, Zahnseide\/Interdentalb\u00fcrsten, <strong>Fluoridzahnpasta<\/strong> und regelm\u00e4\u00dfige Kontrollen.<\/p>\n\n\n\n<p><strong>Frage 4:<\/strong> Hilft es bei schlechtem Atem?<br><strong>Antwort:<\/strong> Es <strong>kann unterst\u00fctzen<\/strong>, wenn der Atem mit einer unausgewogenen Mundflora zusammenh\u00e4ngt. H\u00e4lt Mundgeruch an, Ursachen bitte zahn\u00e4rztlich abkl\u00e4ren (z. B. Zahnfleisch, Zunge, Karies).<\/p>\n\n\n\n<p><strong>Frage 5:<\/strong> Wie nehme ich ProDentim ein?<br><strong>Antwort:<\/strong> Halte dich an die <strong>Herstellerangaben<\/strong> auf der Packung. Konsistenz ist wichtiger als eine kurzfristige Erh\u00f6hung der Menge.<\/p>\n\n\n\n<p><strong>Frage 6:<\/strong> F\u00fcr wen ist es sinnvoll \u2013 und wer sollte verzichten?<br><strong>Antwort:<\/strong> Sinnvoll f\u00fcr Personen, die ihre <strong>Mundhygiene ganzheitlich<\/strong> unterst\u00fctzen m\u00f6chten. Vorsicht\/Abkl\u00e4rung bei <strong>akuten Beschwerden<\/strong>, <strong>Unvertr\u00e4glichkeiten<\/strong> und <strong>Risikogruppen<\/strong> (z. B. Immunsuppression).<\/p>\n\n\n\n<h2 class=\"wp-block-heading\">Fazit<\/h2>\n\n\n\n<p>ProDentim kann als <strong>erg\u00e4nzende Unterst\u00fctzung<\/strong> f\u00fcr eine ausgeglichene Mundflora sinnvoll sein \u2013 vor allem f\u00fcr Menschen, die Atem, Zahnfleisch und t\u00e4gliche Zahnpflegeroutine zus\u00e4tzlich pushen m\u00f6chten. Es ist <strong>kein Ersatz<\/strong> f\u00fcr gr\u00fcndliches Z\u00e4hneputzen, Zahnseide, Fluoridzahnpasta und regelm\u00e4\u00dfige Kontrollen.<\/p>\n\n\n\n<p>Sinnvoll f\u00fcr:<\/p>\n\n\n\n<ul class=\"wp-block-list\">\n<li>alle, die ihre Mundhygiene ganzheitlich unterst\u00fctzen wollen<\/li>\n\n\n\n<li>Personen mit Fokus auf frischen Atem &amp; Zahnfleisch-Pflege<\/li>\n\n\n\n<li>Anwender, die eine einfache, alltagstaugliche Erg\u00e4nzung suchen<\/li>\n<\/ul>\n\n\n\n<p>Weniger geeignet bzw. vorher abkl\u00e4ren:<\/p>\n\n\n\n<ul class=\"wp-block-list\">\n<li>bei akuten Zahn-\/Zahnfleischproblemen (erst Zahnarztbesuch!)<\/li>\n\n\n\n<li>bei bekannten Unvertr\u00e4glichkeiten, Grunderkrankungen, in Schwangerschaft\/Stillzeit<\/li>\n\n\n\n<li>wenn du Medikamente nimmst, die mit Nahrungserg\u00e4nzungen interagieren k\u00f6nnten<\/li>\n<\/ul>\n\n\n\n<p><strong>Merke:<\/strong> Die Basis bleibt immer die <strong>professionelle Prophylaxe<\/strong>: 2\u00d7 t\u00e4glich putzen, t\u00e4glich Zahnseide\/Interdentalb\u00fcrsten, Fluorid verwenden und <strong>regelm\u00e4\u00dfig zum Zahnarzt<\/strong> gehen.<\/p>\n\n\n\n<p style=\"margin:28px 0 0\">\n  <a href=\"https:\/\/vital-impulse.de\/gesundheitsprodukte-empfehlung\/\" target=\"_blank\" rel=\"nofollow sponsored\" aria-label=\"Unsere Empfehlungen ansehen (\u00f6ffnet in neuem Tab)\" style=\"display:inline-flex;align-items:center;gap:8px;padding:14px 24px;border-radius:30px;font-weight:700;line-height:1;\n            text-decoration:none !important;background-image:linear-gradient(135deg, rgb(40,167,69) 0%, rgb(20,39,109) 100%) !important;\n            background-color:#28a745 !important;color:#ffffff !important;border:0 !important;\n            box-shadow:0 6px 18px rgba(0,0,0,.18);text-shadow:0 1px 2px rgba(0,0,0,.35);\">\n    <span aria-hidden=\"true\">\ud83d\udc49<\/span><span>Unsere Empfehlungen ansehen<\/span>\n  <\/a>\n<\/p>\n\n\n\n<p><\/p>\n\n\n\n<h2 class=\"wp-block-heading has-medium-font-size\">Transparenz &amp; Haftungsausschluss<\/h2>\n\n\n\n<div class=\"wp-block-columns is-layout-flex wp-container-core-columns-is-layout-28f84493 wp-block-columns-is-layout-flex\">\n<div class=\"wp-block-column is-layout-flow wp-block-column-is-layout-flow\">\n<ul class=\"wp-block-list\">\n<li><strong>Werbung \/ Affiliate-Hinweis:<\/strong> In diesem Beitrag befinden sich Affiliate-Links. Wenn du dar\u00fcber kaufst, erhalten wir eine Provision \u2013 <strong>f\u00fcr dich \u00e4ndert sich der Preis nicht<\/strong>. Kauf &amp; R\u00fcckgabe erfolgen \u00fcber <strong>Digistore24<\/strong>. Bitte Widerruf\/R\u00fcckgabe dort ansto\u00dfen.<\/li>\n\n\n\n<li><strong>Redaktionelle Unabh\u00e4ngigkeit:<\/strong> Unsere Einsch\u00e4tzung bleibt davon unber\u00fchrt; wir empfehlen nur Produkte, die sinnvoll zum Thema passen.<\/li>\n\n\n\n<li><strong>Kein Ersatz f\u00fcr medizinische Beratung:<\/strong> Inhalte dienen der Information und ersetzen <strong>keine<\/strong> Untersuchung oder Behandlung. Bei Beschwerden wende dich an Zahn\u00e4rztin\/Zahnarzt.<\/li>\n\n\n\n<li><strong>Sicherheit zuerst:<\/strong> Vor der Einnahme von Nahrungserg\u00e4nzungen bei Vorerkrankungen, Schwangerschaft\/Stillzeit oder Medikamenteneinnahme bitte \u00e4rztlich abkl\u00e4ren.<\/li>\n\n\n\n<li><strong>Realistische Erwartungen:<\/strong> Individuelle Ergebnisse k\u00f6nnen variieren; es werden <strong>keine Heil- oder Wirkversprechen<\/strong> gegeben.<\/li>\n\n\n\n<li><strong>Stand:<\/strong> August 2025.<\/li>\n<\/ul>\n<\/div>\n\n\n\n<div class=\"wp-block-column is-layout-flow wp-block-column-is-layout-flow\">\n<figure class=\"wp-block-image size-full\"><img loading=\"lazy\" decoding=\"async\" width=\"357\" height=\"544\" src=\"https:\/\/vital-impulse.de\/wp-content\/uploads\/2025\/08\/Zahnpflege1.jpg\" alt=\"Zahn\u00e4rztin untersucht Patientin \u2013 professionelle Mundhygiene\" class=\"wp-image-1917\" srcset=\"https:\/\/vital-impulse.de\/wp-content\/uploads\/2025\/08\/Zahnpflege1.jpg 357w, https:\/\/vital-impulse.de\/wp-content\/uploads\/2025\/08\/Zahnpflege1-197x300.jpg 197w\" sizes=\"auto, (max-width: 357px) 100vw, 357px\" \/><\/figure>\n<\/div>\n<\/div>\n","protected":false},"excerpt":{"rendered":"<p>ProDentim Erfahrungen \u2013 in diesem Artikel pr\u00fcfen wir neutral, was hinter den Versprechen steckt: Anwendung, Inhaltsstoffe, m\u00f6gliche Vorteile und Grenzen. Wir zeigen, f\u00fcr wen ProDentim sinnvoll sein k\u00f6nnte, worauf man bei der Einnahme achten sollte [&hellip;]<\/p>\n","protected":false},"author":1,"featured_media":1916,"comment_status":"open","ping_status":"open","sticky":false,"template":"","format":"standard","meta":{"site-sidebar-layout":"default","site-content-layout":"","ast-site-content-layout":"default","site-content-style":"default","site-sidebar-style":"default","ast-global-header-display":"","ast-banner-title-visibility":"","ast-main-header-display":"","ast-hfb-above-header-display":"","ast-hfb-below-header-display":"","ast-hfb-mobile-header-display":"","site-post-title":"disabled","ast-breadcrumbs-content":"","ast-featured-img":"","footer-sml-layout":"","ast-disable-related-posts":"","theme-transparent-header-meta":"","adv-header-id-meta":"","stick-header-meta":"","header-above-stick-meta":"","header-main-stick-meta":"","header-below-stick-meta":"","astra-migrate-meta-layouts":"set","ast-page-background-enabled":"default","ast-page-background-meta":{"desktop":{"background-color":"","background-image":"","background-repeat":"repeat","background-position":"center center","background-size":"auto","background-attachment":"scroll","background-type":"","background-media":"","overlay-type":"","overlay-color":"","overlay-opacity":"","overlay-gradient":""},"tablet":{"background-color":"","background-image":"","background-repeat":"repeat","background-position":"center center","background-size":"auto","background-attachment":"scroll","background-type":"","background-media":"","overlay-type":"","overlay-color":"","overlay-opacity":"","overlay-gradient":""},"mobile":{"background-color":"","background-image":"","background-repeat":"repeat","background-position":"center center","background-size":"auto","background-attachment":"scroll","background-type":"","background-media":"","overlay-type":"","overlay-color":"","overlay-opacity":"","overlay-gradient":""}},"ast-content-background-meta":{"desktop":{"background-color":"var(--ast-global-color-5)","background-image":"","background-repeat":"repeat","background-position":"center center","background-size":"auto","background-attachment":"scroll","background-type":"","background-media":"","overlay-type":"","overlay-color":"","overlay-opacity":"","overlay-gradient":""},"tablet":{"background-color":"var(--ast-global-color-5)","background-image":"","background-repeat":"repeat","background-position":"center center","background-size":"auto","background-attachment":"scroll","background-type":"","background-media":"","overlay-type":"","overlay-color":"","overlay-opacity":"","overlay-gradient":""},"mobile":{"background-color":"var(--ast-global-color-5)","background-image":"","background-repeat":"repeat","background-position":"center center","background-size":"auto","background-attachment":"scroll","background-type":"","background-media":"","overlay-type":"","overlay-color":"","overlay-opacity":"","overlay-gradient":""}},"footnotes":""},"categories":[11],"tags":[],"class_list":["post-1915","post","type-post","status-publish","format-standard","has-post-thumbnail","hentry","category-vitalstoffe-ergaenzungen"],"_links":{"self":[{"href":"https:\/\/vital-impulse.de\/index.php?rest_route=\/wp\/v2\/posts\/1915","targetHints":{"allow":["GET"]}}],"collection":[{"href":"https:\/\/vital-impulse.de\/index.php?rest_route=\/wp\/v2\/posts"}],"about":[{"href":"https:\/\/vital-impulse.de\/index.php?rest_route=\/wp\/v2\/types\/post"}],"author":[{"embeddable":true,"href":"https:\/\/vital-impulse.de\/index.php?rest_route=\/wp\/v2\/users\/1"}],"replies":[{"embeddable":true,"href":"https:\/\/vital-impulse.de\/index.php?rest_route=%2Fwp%2Fv2%2Fcomments&post=1915"}],"version-history":[{"count":32,"href":"https:\/\/vital-impulse.de\/index.php?rest_route=\/wp\/v2\/posts\/1915\/revisions"}],"predecessor-version":[{"id":2254,"href":"https:\/\/vital-impulse.de\/index.php?rest_route=\/wp\/v2\/posts\/1915\/revisions\/2254"}],"wp:featuredmedia":[{"embeddable":true,"href":"https:\/\/vital-impulse.de\/index.php?rest_route=\/wp\/v2\/media\/1916"}],"wp:attachment":[{"href":"https:\/\/vital-impulse.de\/index.php?rest_route=%2Fwp%2Fv2%2Fmedia&parent=1915"}],"wp:term":[{"taxonomy":"category","embeddable":true,"href":"https:\/\/vital-impulse.de\/index.php?rest_route=%2Fwp%2Fv2%2Fcategories&post=1915"},{"taxonomy":"post_tag","embeddable":true,"href":"https:\/\/vital-impulse.de\/index.php?rest_route=%2Fwp%2Fv2%2Ftags&post=1915"}],"curies":[{"name":"wp","href":"https:\/\/api.w.org\/{rel}","templated":true}]}}